{"id":26129,"date":"2026-04-24T11:40:34","date_gmt":"2026-04-24T09:40:34","guid":{"rendered":"https:\/\/www.mio.osupytheas.fr\/?p=26129"},"modified":"2026-04-30T11:50:30","modified_gmt":"2026-04-30T09:50:30","slug":"comment-lecosysteme-marin-de-la-nouvelle-caledonie-contribue-a-la-lutte-contre-le-rechauffement-climatique","status":"publish","type":"post","link":"https:\/\/www.mio.osupytheas.fr\/en\/comment-lecosysteme-marin-de-la-nouvelle-caledonie-contribue-a-la-lutte-contre-le-rechauffement-climatique\/","title":{"rendered":"Comment l&#8217;\u00e9cosyst\u00e8me marin de la Nouvelle-Cal\u00e9donie contribue \u00e0 la lutte contre le r\u00e9chauffement climatique"},"content":{"rendered":"<div data-elementor-type=\"wp-post\" data-elementor-id=\"26129\" class=\"elementor elementor-26129\" data-elementor-post-type=\"post\">\n\t\t\t\t<div class=\"elementor-element elementor-element-7578a27 e-flex e-con-boxed e-con e-parent\" data-id=\"7578a27\" data-element_type=\"container\" data-e-type=\"container\">\n\t\t\t\t\t<div class=\"e-con-inner\">\n\t\t\t\t<div class=\"elementor-element elementor-element-60643a4 elementor-widget elementor-widget-text-editor\" data-id=\"60643a4\" data-element_type=\"widget\" data-e-type=\"widget\" data-widget_type=\"text-editor.default\">\n\t\t\t\t<div class=\"elementor-widget-container\">\n\t\t\t\t\t\t\t\t\t<h4 style=\"text-align: justify;\"><strong><a href=\"https:\/\/la1ere.franceinfo.fr\/nouvellecaledonie\/video-comment-l-ecosysteme-marin-de-la-nouvelle-caledonie-contribue-a-la-lutte-contre-le-rechauffement-climatique-1689380.html\" target=\"_blank\" rel=\"noopener\">Un reportage de Nouvelle Cal\u00e9donie La 1\u00e8re<\/a>.<\/strong><\/h4><p style=\"text-align: justify;\">Une \u00e9quipe de <em>NC la 1\u00e8re<\/em> avait suivi son installation au large de Noum\u00e9a, il y a deux ans.<\/p><p style=\"text-align: justify;\">Depuis, la bou\u00e9e intelligente Hope a livr\u00e9 ses premiers r\u00e9sultats. Elle mesure la capacit\u00e9 de notre oc\u00e9an tropical \u00e0 capter le carbone pr\u00e9sent dans l&#8217;atmosph\u00e8re. Les premiers r\u00e9sultats prouvent qu&#8217;il intervient de mani\u00e8re beaucoup plus importante que pr\u00e9vu. Une bonne nouvelle pour la lutte contre le r\u00e9chauffement climatique.<\/p><p>\u00a0<\/p><h4 style=\"text-align: justify;\"><a href=\"https:\/\/la1ere.franceinfo.fr\/nouvellecaledonie\/video-comment-l-ecosysteme-marin-de-la-nouvelle-caledonie-contribue-a-la-lutte-contre-le-rechauffement-climatique-1689380.html\" target=\"_blank\" rel=\"noopener\"><strong>See the report<\/strong><\/a><\/h4>\t\t\t\t\t\t\t\t<\/div>\n\t\t\t\t<\/div>\n\t\t\t\t\t<\/div>\n\t\t\t\t<\/div>\n\t\t<div class=\"elementor-element elementor-element-8b9bcac e-flex e-con-boxed e-con e-parent\" data-id=\"8b9bcac\" data-element_type=\"container\" data-e-type=\"container\">\n\t\t\t\t\t<div class=\"e-con-inner\">\n\t\t\t\t<div class=\"elementor-element elementor-element-af0e5ac elementor-widget elementor-widget-image\" data-id=\"af0e5ac\" data-element_type=\"widget\" data-e-type=\"widget\" data-widget_type=\"image.default\">\n\t\t\t\t<div class=\"elementor-widget-container\">\n\t\t\t\t\t\t\t\t\t\t\t\t\t\t\t<img fetchpriority=\"high\" decoding=\"async\" width=\"720\" height=\"405\" src=\"https:\/\/www.mio.osupytheas.fr\/wp-content\/uploads\/2026\/04\/outremer_2026_04_08_69d5eabe51827580263103.webp\" class=\"attachment-1536x1536 size-1536x1536 wp-image-26131\" alt=\"\" srcset=\"https:\/\/www.mio.osupytheas.fr\/wp-content\/uploads\/2026\/04\/outremer_2026_04_08_69d5eabe51827580263103.webp 720w, https:\/\/www.mio.osupytheas.fr\/wp-content\/uploads\/2026\/04\/outremer_2026_04_08_69d5eabe51827580263103-300x169.webp 300w, https:\/\/www.mio.osupytheas.fr\/wp-content\/uploads\/2026\/04\/outremer_2026_04_08_69d5eabe51827580263103-18x10.webp 18w\" sizes=\"(max-width: 720px) 100vw, 720px\" \/>\t\t\t\t\t\t\t\t\t\t\t\t\t\t\t<\/div>\n\t\t\t\t<\/div>\n\t\t\t\t\t<\/div>\n\t\t\t\t<\/div>\n\t\t<div class=\"elementor-element elementor-element-6247d23 e-flex e-con-boxed e-con e-parent\" data-id=\"6247d23\" data-element_type=\"container\" data-e-type=\"container\">\n\t\t\t\t\t<div class=\"e-con-inner\">\n\t\t\t\t<div class=\"elementor-element elementor-element-51213dd elementor-widget elementor-widget-text-editor\" data-id=\"51213dd\" data-element_type=\"widget\" data-e-type=\"widget\" data-widget_type=\"text-editor.default\">\n\t\t\t\t<div class=\"elementor-widget-container\">\n\t\t\t\t\t\t\t\t\t<p style=\"text-align: center;\"><em>Cycle du carbone dans les eaux de la Nouvelle-Cal\u00e9donie. \u00a9NC la 1\u00e8re<\/em><\/p>\t\t\t\t\t\t\t\t<\/div>\n\t\t\t\t<\/div>\n\t\t\t\t\t<\/div>\n\t\t\t\t<\/div>\n\t\t\t\t<\/div>","protected":false},"excerpt":{"rendered":"<p>Un reportage de Nouvelle Cal\u00e9donie La 1\u00e8re. Une \u00e9quipe de NC la 1\u00e8re avait suivi son installation au large de Noum\u00e9a, il y a deux ans. Depuis, la bou\u00e9e intelligente [&hellip;]<\/p>\n","protected":false},"author":319,"featured_media":26135,"comment_status":"closed","ping_status":"closed","sticky":false,"template":"","format":"standard","meta":{"_acf_changed":false,"footnotes":""},"categories":[27,17,1],"tags":[],"class_list":["post-26129","post","type-post","status-publish","format-standard","has-post-thumbnail","hentry","category-mediation-scientifique","category-a-la-une","category-actualites"],"acf":[],"_links":{"self":[{"href":"https:\/\/www.mio.osupytheas.fr\/en\/wp-json\/wp\/v2\/posts\/26129","targetHints":{"allow":["GET"]}}],"collection":[{"href":"https:\/\/www.mio.osupytheas.fr\/en\/wp-json\/wp\/v2\/posts"}],"about":[{"href":"https:\/\/www.mio.osupytheas.fr\/en\/wp-json\/wp\/v2\/types\/post"}],"author":[{"embeddable":true,"href":"https:\/\/www.mio.osupytheas.fr\/en\/wp-json\/wp\/v2\/users\/319"}],"replies":[{"embeddable":true,"href":"https:\/\/www.mio.osupytheas.fr\/en\/wp-json\/wp\/v2\/comments?post=26129"}],"version-history":[{"count":6,"href":"https:\/\/www.mio.osupytheas.fr\/en\/wp-json\/wp\/v2\/posts\/26129\/revisions"}],"predecessor-version":[{"id":26137,"href":"https:\/\/www.mio.osupytheas.fr\/en\/wp-json\/wp\/v2\/posts\/26129\/revisions\/26137"}],"wp:featuredmedia":[{"embeddable":true,"href":"https:\/\/www.mio.osupytheas.fr\/en\/wp-json\/wp\/v2\/media\/26135"}],"wp:attachment":[{"href":"https:\/\/www.mio.osupytheas.fr\/en\/wp-json\/wp\/v2\/media?parent=26129"}],"wp:term":[{"taxonomy":"category","embeddable":true,"href":"https:\/\/www.mio.osupytheas.fr\/en\/wp-json\/wp\/v2\/categories?post=26129"},{"taxonomy":"post_tag","embeddable":true,"href":"https:\/\/www.mio.osupytheas.fr\/en\/wp-json\/wp\/v2\/tags?post=26129"}],"curies":[{"name":"wp","href":"https:\/\/api.w.org\/{rel}","templated":true}]}}