{"id":19615,"date":"2025-02-28T08:48:20","date_gmt":"2025-02-28T07:48:20","guid":{"rendered":"https:\/\/www.mio.osupytheas.fr\/?p=19615"},"modified":"2025-03-03T12:27:04","modified_gmt":"2025-03-03T11:27:04","slug":"seminaire-mio-helene-morlon-10-mars-2025","status":"publish","type":"post","link":"https:\/\/www.mio.osupytheas.fr\/fr\/seminaire-mio-helene-morlon-10-mars-2025\/","title":{"rendered":"S\u00e9minaire MIO &#8211; H\u00e9l\u00e8ne Morlon &#8211; 10 mars 2025"},"content":{"rendered":"\t\t<div data-elementor-type=\"wp-post\" data-elementor-id=\"19615\" class=\"elementor elementor-19615\" data-elementor-post-type=\"post\">\n\t\t\t\t<div class=\"elementor-element elementor-element-1708332 e-flex e-con-boxed e-con e-parent\" data-id=\"1708332\" data-element_type=\"container\" data-e-type=\"container\">\n\t\t\t\t\t<div class=\"e-con-inner\">\n\t\t\t\t<div class=\"elementor-element elementor-element-017ed40 elementor-widget elementor-widget-text-editor\" data-id=\"017ed40\" data-element_type=\"widget\" data-e-type=\"widget\" data-widget_type=\"text-editor.default\">\n\t\t\t\t<div class=\"elementor-widget-container\">\n\t\t\t\t\t\t\t\t\t<p style=\"text-align: justify;\">H\u00e9l\u00e8ne Morlon, Directrice de recherche au CNRS et charg\u00e9e d&#8217;\u00e9quipe \u00e0 l&#8217;Institut de Biologie de l&#8217;Ecole Normale Sup\u00e9rieure, donnera un s\u00e9minaire le <strong>lundi 10 mars 2025<\/strong> de <strong>12h30<\/strong> \u00e0 <strong>13h30<\/strong> en salle Eg\u00e9e au MIO, sur\u00a0 le th\u00e8me : <em>The build-up of species diversity: from terrestrial macro-organisms to eukaryotic plankton drifting along oceanic currents<\/em>.\u00a0<\/p><p style=\"text-align: justify;\"><strong>Abstract <\/strong>: The marine eukaryotic plankton is extremely diverse, with a diversity that varies across oceans, yet the processes underlying this diversity are poorly understood. Present-day biological diversity resulting from past speciation and extinction events, I will present models of diversification that, when applied to the phylogenies of extant and potentially also extinct (fossil) species, allow us to make inferences about these historical events. While most applications will concern terrestrial macro-organisms, I will illustrate their application to the marine eukaryotic plankton with results on diatoms diversification. Next, I will ask the enigmatic question of how new species are formed in an environment globally connected by currents over short time scales. Based on results comparing the biogeographies and diversities of the 70 most diverse groups of eukaryotic plankton, I will formulate hypotheses on the relative role of current-mediated dispersal constraints versus environmental selection in the speciation process, and discuss promising avenues for testing these hypotheses.<\/p><p style=\"text-align: justify;\"><strong>Biography<\/strong> : <a href=\"https:\/\/scholar.google.com\/citations?user=8ulVKKIAAAAJ&amp;hl=en\" target=\"_blank\" rel=\"noopener\">Dr. H\u00e9l\u00e8ne Morlon<\/a> is a CNRS research director at the Institut de Biologie de l&#8217;ENS in Paris. After an initial training in mathematics, she did a master and PhD in ecology &amp; evolution in France. As a post-doc in the US, she worked on microbial biogeography, the modeling of biogeographic patterns, and the development and application of phylogenetic diversification models. She joined the CNRS in 2010. Her <a href=\"https:\/\/www.phyloeco.bio.ens.psl.eu\/\" target=\"_blank\" rel=\"noopener\">team at IBENS<\/a> focuses on understanding the fundamental processes that generate and maintain biodiversity.<\/p><p style=\"text-align: justify;\">Le s\u00e9minaire pourra \u00e9galement <a href=\"https:\/\/univ-amu-fr.zoom.us\/j\/92355111254?pwd=OR4Mh5VZ71RNSvBdTCiOJXkUiu0Qaa.1\" target=\"_blank\" rel=\"noopener\">\u00eatre suivi par Zoom<\/a>.<\/p><p>ID de r\u00e9union: 923 5511 1254<br \/>Code secret: 615822<\/p>\t\t\t\t\t\t\t\t<\/div>\n\t\t\t\t<\/div>\n\t\t\t\t\t<\/div>\n\t\t\t\t<\/div>\n\t\t<div class=\"elementor-element elementor-element-ae64c59 e-flex e-con-boxed e-con e-parent\" data-id=\"ae64c59\" data-element_type=\"container\" data-e-type=\"container\">\n\t\t\t\t\t<div class=\"e-con-inner\">\n\t\t\t\t<div class=\"elementor-element elementor-element-10d8c10 elementor-widget elementor-widget-image\" data-id=\"10d8c10\" data-element_type=\"widget\" data-e-type=\"widget\" data-widget_type=\"image.default\">\n\t\t\t\t<div class=\"elementor-widget-container\">\n\t\t\t\t\t\t\t\t\t\t\t\t\t\t\t<img fetchpriority=\"high\" decoding=\"async\" width=\"558\" height=\"487\" src=\"https:\/\/www.mio.osupytheas.fr\/wp-content\/uploads\/2025\/02\/HeleneMorlon.jpg\" class=\"attachment-large size-large wp-image-19620\" alt=\"H\u00e9l\u00e8ne Morlon\" srcset=\"https:\/\/www.mio.osupytheas.fr\/wp-content\/uploads\/2025\/02\/HeleneMorlon.jpg 558w, https:\/\/www.mio.osupytheas.fr\/wp-content\/uploads\/2025\/02\/HeleneMorlon-300x262.jpg 300w, https:\/\/www.mio.osupytheas.fr\/wp-content\/uploads\/2025\/02\/HeleneMorlon-14x12.jpg 14w\" sizes=\"(max-width: 558px) 100vw, 558px\" \/>\t\t\t\t\t\t\t\t\t\t\t\t\t\t\t<\/div>\n\t\t\t\t<\/div>\n\t\t\t\t\t<\/div>\n\t\t\t\t<\/div>\n\t\t\t\t<\/div>\n\t\t","protected":false},"excerpt":{"rendered":"<p>H\u00e9l\u00e8ne Morlon, Directrice de recherche au CNRS et charg\u00e9e d&#8217;\u00e9quipe \u00e0 l&#8217;Institut de Biologie de l&#8217;Ecole Normale Sup\u00e9rieure, donnera un s\u00e9minaire le lundi 10 mars 2025 de 12h30 \u00e0 13h30 [&hellip;]<\/p>\n","protected":false},"author":319,"featured_media":19618,"comment_status":"closed","ping_status":"closed","sticky":false,"template":"","format":"standard","meta":{"_acf_changed":false,"footnotes":""},"categories":[17,1,39],"tags":[],"class_list":["post-19615","post","type-post","status-publish","format-standard","has-post-thumbnail","hentry","category-a-la-une","category-actualites","category-seminaire-mio"],"acf":[],"_links":{"self":[{"href":"https:\/\/www.mio.osupytheas.fr\/fr\/wp-json\/wp\/v2\/posts\/19615","targetHints":{"allow":["GET"]}}],"collection":[{"href":"https:\/\/www.mio.osupytheas.fr\/fr\/wp-json\/wp\/v2\/posts"}],"about":[{"href":"https:\/\/www.mio.osupytheas.fr\/fr\/wp-json\/wp\/v2\/types\/post"}],"author":[{"embeddable":true,"href":"https:\/\/www.mio.osupytheas.fr\/fr\/wp-json\/wp\/v2\/users\/319"}],"replies":[{"embeddable":true,"href":"https:\/\/www.mio.osupytheas.fr\/fr\/wp-json\/wp\/v2\/comments?post=19615"}],"version-history":[{"count":16,"href":"https:\/\/www.mio.osupytheas.fr\/fr\/wp-json\/wp\/v2\/posts\/19615\/revisions"}],"predecessor-version":[{"id":19659,"href":"https:\/\/www.mio.osupytheas.fr\/fr\/wp-json\/wp\/v2\/posts\/19615\/revisions\/19659"}],"wp:featuredmedia":[{"embeddable":true,"href":"https:\/\/www.mio.osupytheas.fr\/fr\/wp-json\/wp\/v2\/media\/19618"}],"wp:attachment":[{"href":"https:\/\/www.mio.osupytheas.fr\/fr\/wp-json\/wp\/v2\/media?parent=19615"}],"wp:term":[{"taxonomy":"category","embeddable":true,"href":"https:\/\/www.mio.osupytheas.fr\/fr\/wp-json\/wp\/v2\/categories?post=19615"},{"taxonomy":"post_tag","embeddable":true,"href":"https:\/\/www.mio.osupytheas.fr\/fr\/wp-json\/wp\/v2\/tags?post=19615"}],"curies":[{"name":"wp","href":"https:\/\/api.w.org\/{rel}","templated":true}]}}