{"id":26146,"date":"2026-04-20T13:32:40","date_gmt":"2026-04-20T11:32:40","guid":{"rendered":"https:\/\/www.mio.osupytheas.fr\/?p=26146"},"modified":"2026-04-30T14:53:01","modified_gmt":"2026-04-30T12:53:01","slug":"creer-un-jardin-en-mer-pour-les-poulpes","status":"publish","type":"post","link":"https:\/\/www.mio.osupytheas.fr\/fr\/creer-un-jardin-en-mer-pour-les-poulpes\/","title":{"rendered":"Cr\u00e9er un jardin en mer pour les poulpes"},"content":{"rendered":"\t\t<div data-elementor-type=\"wp-post\" data-elementor-id=\"26146\" class=\"elementor elementor-26146\" data-elementor-post-type=\"post\">\n\t\t\t\t<div class=\"elementor-element elementor-element-f02bf22 e-flex e-con-boxed e-con e-parent\" data-id=\"f02bf22\" data-element_type=\"container\" data-e-type=\"container\">\n\t\t\t\t\t<div class=\"e-con-inner\">\n\t\t\t\t<div class=\"elementor-element elementor-element-8b50d60 elementor-widget elementor-widget-text-editor\" data-id=\"8b50d60\" data-element_type=\"widget\" data-e-type=\"widget\" data-widget_type=\"text-editor.default\">\n\t\t\t\t<div class=\"elementor-widget-container\">\n\t\t\t\t\t\t\t\t\t<h4 style=\"text-align: justify;\"><strong>Article La Marseillaise<\/strong><\/h4><p style=\"text-align: justify;\">36 coll\u00e9giens et lyc\u00e9ens et encadrants de l\u2019\u00c9cole centrale M\u00e9diterran\u00e9e ont \u00e9tudi\u00e9 le poulpe et r\u00e9alis\u00e9 des habitats \u00e0 d\u00e9poser en mer.<\/p><p style=\"text-align: justify;\">Daniela Banaru, ma\u00eetre de conf\u00e9rences \u00e0 l\u2019Institut m\u00e9diterran\u00e9en d\u2019oc\u00e9anologie (MIO) et sp\u00e9cialiste du poulpe, a ouvert jeudi grand les portes du laboratoire pour parler avec eux de ce c\u00e9phalopode, qu\u2019elle n\u2019h\u00e9site pas \u00e0 qualifier de \u00ab <em>plus intelligent des mollusques<\/em> \u00bb.<\/p><p>\u00a0<\/p><h4 style=\"text-align: justify;\"><a href=\"https:\/\/www.lamarseillaise.fr\/societe\/creer-un-jardin-en-mer-pour-les-poulpes-AA20022255\" target=\"_blank\" rel=\"noopener\"><strong>Lire l&#8217;article<\/strong><\/a><\/h4>\t\t\t\t\t\t\t\t<\/div>\n\t\t\t\t<\/div>\n\t\t\t\t\t<\/div>\n\t\t\t\t<\/div>\n\t\t<div class=\"elementor-element elementor-element-a651ae2 e-flex e-con-boxed e-con e-parent\" data-id=\"a651ae2\" data-element_type=\"container\" data-e-type=\"container\">\n\t\t\t\t\t<div class=\"e-con-inner\">\n\t\t\t\t<div class=\"elementor-element elementor-element-5638374 elementor-widget elementor-widget-image\" data-id=\"5638374\" data-element_type=\"widget\" data-e-type=\"widget\" data-widget_type=\"image.default\">\n\t\t\t\t<div class=\"elementor-widget-container\">\n\t\t\t\t\t\t\t\t\t\t\t\t\t\t\t<img fetchpriority=\"high\" decoding=\"async\" width=\"768\" height=\"432\" src=\"https:\/\/www.mio.osupytheas.fr\/wp-content\/uploads\/2026\/04\/whatsapp-image-2026-04-16-at-16_542-9172602_20260417071632.webp\" class=\"attachment-large size-large wp-image-26147\" alt=\"\" srcset=\"https:\/\/www.mio.osupytheas.fr\/wp-content\/uploads\/2026\/04\/whatsapp-image-2026-04-16-at-16_542-9172602_20260417071632.webp 768w, https:\/\/www.mio.osupytheas.fr\/wp-content\/uploads\/2026\/04\/whatsapp-image-2026-04-16-at-16_542-9172602_20260417071632-300x169.webp 300w, https:\/\/www.mio.osupytheas.fr\/wp-content\/uploads\/2026\/04\/whatsapp-image-2026-04-16-at-16_542-9172602_20260417071632-18x10.webp 18w\" sizes=\"(max-width: 768px) 100vw, 768px\" \/>\t\t\t\t\t\t\t\t\t\t\t\t\t\t\t<\/div>\n\t\t\t\t<\/div>\n\t\t\t\t\t<\/div>\n\t\t\t\t<\/div>\n\t\t<div class=\"elementor-element elementor-element-244dc19 e-flex e-con-boxed e-con e-parent\" data-id=\"244dc19\" data-element_type=\"container\" data-e-type=\"container\">\n\t\t\t\t\t<div class=\"e-con-inner\">\n\t\t\t\t<div class=\"elementor-element elementor-element-68416c7 elementor-widget elementor-widget-text-editor\" data-id=\"68416c7\" data-element_type=\"widget\" data-e-type=\"widget\" data-widget_type=\"text-editor.default\">\n\t\t\t\t<div class=\"elementor-widget-container\">\n\t\t\t\t\t\t\t\t\t<p style=\"text-align: center;\"><em>Ghofrane tient d\u00e9licatement un bocal avec un poulpe \u00e0 observer \u00e0 l\u2019int\u00e9rieur, tandis que Daniela Banaru pr\u00e9sente le c\u00e9phalopode au tableau. Photos M.-L.T.<\/em><\/p>\t\t\t\t\t\t\t\t<\/div>\n\t\t\t\t<\/div>\n\t\t\t\t\t<\/div>\n\t\t\t\t<\/div>\n\t\t\t\t<\/div>\n\t\t","protected":false},"excerpt":{"rendered":"<p>Article La Marseillaise36 coll\u00e9giens et lyc\u00e9ens et encadrants de l\u2019\u00c9cole centrale M\u00e9diterran\u00e9e ont \u00e9tudi\u00e9 le poulpe et r\u00e9alis\u00e9 des habitats \u00e0 d\u00e9poser en mer.Daniela Banaru, ma\u00eetre de conf\u00e9rences \u00e0 l\u2019Institut [&hellip;]<\/p>\n","protected":false},"author":319,"featured_media":26147,"comment_status":"closed","ping_status":"closed","sticky":false,"template":"","format":"standard","meta":{"_acf_changed":false,"footnotes":""},"categories":[17,1,27],"tags":[],"class_list":["post-26146","post","type-post","status-publish","format-standard","has-post-thumbnail","hentry","category-a-la-une","category-actualites","category-mediation-scientifique"],"acf":[],"_links":{"self":[{"href":"https:\/\/www.mio.osupytheas.fr\/fr\/wp-json\/wp\/v2\/posts\/26146","targetHints":{"allow":["GET"]}}],"collection":[{"href":"https:\/\/www.mio.osupytheas.fr\/fr\/wp-json\/wp\/v2\/posts"}],"about":[{"href":"https:\/\/www.mio.osupytheas.fr\/fr\/wp-json\/wp\/v2\/types\/post"}],"author":[{"embeddable":true,"href":"https:\/\/www.mio.osupytheas.fr\/fr\/wp-json\/wp\/v2\/users\/319"}],"replies":[{"embeddable":true,"href":"https:\/\/www.mio.osupytheas.fr\/fr\/wp-json\/wp\/v2\/comments?post=26146"}],"version-history":[{"count":10,"href":"https:\/\/www.mio.osupytheas.fr\/fr\/wp-json\/wp\/v2\/posts\/26146\/revisions"}],"predecessor-version":[{"id":26164,"href":"https:\/\/www.mio.osupytheas.fr\/fr\/wp-json\/wp\/v2\/posts\/26146\/revisions\/26164"}],"wp:featuredmedia":[{"embeddable":true,"href":"https:\/\/www.mio.osupytheas.fr\/fr\/wp-json\/wp\/v2\/media\/26147"}],"wp:attachment":[{"href":"https:\/\/www.mio.osupytheas.fr\/fr\/wp-json\/wp\/v2\/media?parent=26146"}],"wp:term":[{"taxonomy":"category","embeddable":true,"href":"https:\/\/www.mio.osupytheas.fr\/fr\/wp-json\/wp\/v2\/categories?post=26146"},{"taxonomy":"post_tag","embeddable":true,"href":"https:\/\/www.mio.osupytheas.fr\/fr\/wp-json\/wp\/v2\/tags?post=26146"}],"curies":[{"name":"wp","href":"https:\/\/api.w.org\/{rel}","templated":true}]}}