{"id":29159,"date":"2026-07-10T02:24:48","date_gmt":"2026-07-10T00:24:48","guid":{"rendered":"https:\/\/www.mio.osupytheas.fr\/?p=29159"},"modified":"2026-07-10T03:19:43","modified_gmt":"2026-07-10T01:19:43","slug":"cartographier-la-frontiere-entre-la-lumiere-du-soleil-et-la-bioluminescence-en-mediterranee-grace-aux-planeurs-sous-marins","status":"publish","type":"post","link":"https:\/\/www.mio.osupytheas.fr\/fr\/cartographier-la-frontiere-entre-la-lumiere-du-soleil-et-la-bioluminescence-en-mediterranee-grace-aux-planeurs-sous-marins\/","title":{"rendered":"Cartographier la fronti\u00e8re entre la lumi\u00e8re du Soleil et la bioluminescence en M\u00e9diterran\u00e9e gr\u00e2ce aux planeurs sous-marins"},"content":{"rendered":"\t\t<div data-elementor-type=\"wp-post\" data-elementor-id=\"29159\" class=\"elementor elementor-29159\" data-elementor-post-type=\"post\">\n\t\t\t\t<div class=\"elementor-element elementor-element-2e3fbb5 e-flex e-con-boxed e-con e-parent\" data-id=\"2e3fbb5\" data-element_type=\"container\" data-e-type=\"container\">\n\t\t\t\t\t<div class=\"e-con-inner\">\n\t\t\t\t<div class=\"elementor-element elementor-element-9cf7eb6 elementor-widget elementor-widget-text-editor\" data-id=\"9cf7eb6\" data-element_type=\"widget\" data-e-type=\"widget\" data-widget_type=\"text-editor.default\">\n\t\t\t\t<div class=\"elementor-widget-container\">\n\t\t\t\t\t\t\t\t\t<h4 style=\"text-align: justify;\">Gr\u00e2ce \u00e0 des planeurs sous-marins instrument\u00e9s, une \u00e9quipe de recherche fran\u00e7aise a caract\u00e9ris\u00e9 en M\u00e9diterran\u00e9e la zone o\u00f9 la bioluminescence devient la principale source de lumi\u00e8re. Cette avanc\u00e9e ouvre de nouvelles perspectives pour l\u2019\u00e9tude des \u00e9cosyst\u00e8mes marins et de leurs interactions avec l\u2019environnement lumineux.<\/h4><p style=\"text-align: justify;\">Une \u00e9quipe de chercheurs d\u2019Aix-Marseille Universit\u00e9 et du CNRS a mis en \u00e9vidence, pour la premi\u00e8re fois en M\u00e9diterran\u00e9e, la profondeur \u00e0 laquelle la lumi\u00e8re produite par les organismes marins devient plus importante que la lumi\u00e8re d\u2019origine atmosph\u00e9rique. Cette \u00e9tude, men\u00e9e dans le cadre du projet BIOLUMOPS (BIOLUminescence Marine, Observations spatio-temporelles in situ par Planeur Sous-marin, financ\u00e9 par l\u2019Agence Innovation D\u00e9fense) ouvre de nouvelles perspectives sur les paysages lumineux sous-marins et leur influence sur les \u00e9cosyst\u00e8mes marins.<\/p><p style=\"text-align: justify;\">Pour r\u00e9aliser ces observations, les scientifiques ont pu s\u2019appuyer sur l\u2019expertise du laboratoire MIO (Institut M\u00e9diterran\u00e9en d\u2019Oc\u00e9anologie), du shom (Service hydrographique et oc\u00e9anographique de la Marine) et de l\u2019entreprise ALSEAMAR pour d\u00e9ployer des planeurs sous-marins autonomes, \u00ab gliders \u00bb \u00e9quip\u00e9s de capteurs mesurant \u00e0 la fois la lumi\u00e8re solaire p\u00e9n\u00e9trant dans l\u2019oc\u00e9an et la bioluminescence \u00e9mise par plus des \u00be des organismes marins. \u00ab Les gliders ont transform\u00e9 l\u2019oc\u00e9anographie moderne en offrant une plateforme autonome capable d\u2019emporter des capteurs scientifiques sur de longues dur\u00e9es, l\u00e0 o\u00f9 les navires ne peuvent observer que de fa\u00e7on ponctuelle \u00bb Nagib Bhairy, co-auteur de l\u2019\u00e9tude en charge de la planification, du d\u00e9ploiement et du pilotage des gliders.<\/p><p style=\"text-align: justify;\">Les campagnes, r\u00e9alis\u00e9es dans le golfe du Lion au printemps et \u00e0 l\u2019\u00e9t\u00e9 2025, ont permis de collecter des donn\u00e9es jusqu\u2019\u00e0 600 m\u00e8tres de profondeur, profondeur limitante d\u2019un capteur. Les r\u00e9sultats des analyses de ces donn\u00e9es men\u00e9es par Andrea Hay, en post-doctorat au MIO, montrent que cette \u00ab <em>profondeur de transition bioluminescente<\/em> \u00bb varie fortement au cours de la journ\u00e9e. Autour de midi, elle se situe entre 250 et 450 m\u00e8tres de profondeur, alors qu\u2019\u00e0 minuit la bioluminescence peut dominer jusqu\u2019\u00e0 proximit\u00e9 de la surface. Cette dynamique refl\u00e8te l\u2019\u00e9quilibre permanent entre l\u2019att\u00e9nuation de la lumi\u00e8re solaire dans l\u2019eau et l\u2019activit\u00e9 lumineuse des organismes marins.<\/p><p style=\"text-align: justify;\">\u00ab <em>Au-del\u00e0 de la performance technologique, cette d\u00e9couverte apporte un nouvel \u00e9clairage sur le r\u00f4le \u00e9cologique de la lumi\u00e8re dans l\u2019oc\u00e9an. La bioluminescence constitue en effet un moyen essentiel de communication, de d\u00e9fense ou de pr\u00e9dation pour de nombreuses esp\u00e8ces marines. Identifier les zones o\u00f9 elle devient visible par rapport \u00e0 la lumi\u00e8re ambiante permet de mieux comprendre les comportements des organismes et l\u2019organisation verticale des communaut\u00e9s marines au cours du temps<\/em> \u00bb, ajoute S\u00e9verine Martini, sp\u00e9cialiste de la bioluminescence et porteuse du projet BIOLUMOPS. Cette \u00e9tude d\u00e9montre \u00e9galement le potentiel des planeurs sous-marins pour observer \u00e0 haute r\u00e9solution des ph\u00e9nom\u00e8nes biologiques encore peu document\u00e9s. \u00c0 l\u2019heure o\u00f9 les paysages lumineux oc\u00e9aniques \u00e9voluent sous l\u2019effet des changements environnementaux, ces nouvelles observations constituent un outil pr\u00e9cieux pour mieux comprendre le fonctionnement et l\u2019\u00e9volution des \u00e9cosyst\u00e8mes marins.<\/p><p style=\"text-align: justify;\"><strong>Bibliographie<\/strong> : Hay A., Maingot-L\u00e9p\u00e9e J., Petrenko A., Bhairy N., Luneau C., Fuda JL., and Martini S. <a href=\"https:\/\/www.sciencedirect.com\/science\/article\/pii\/S0079661126001229?fr=RR-2&amp;ref=pdf_download&amp;rr=a18b73eaf9c43a77\" target=\"_blank\" rel=\"noopener\"><em>From atmospheric light to bioluminescence: determining transition depths using gliders in the Mediterranean Sea<\/em><\/a>. Progress in oceanography, 2026.<\/p><p style=\"text-align: justify;\"><strong>Contact<\/strong> : <a href=\"mailto:severine.martini@mio.osupytheas.fr\" target=\"_blank\" rel=\"noopener\">S\u00e9verine Martini<\/a>, CR CNRS \u00e0 l\u2019institut M\u00e9diterran\u00e9en d\u2019Oc\u00e9anographie (MIO- UMR7294).<\/p>\t\t\t\t\t\t\t\t<\/div>\n\t\t\t\t<\/div>\n\t\t\t\t\t<\/div>\n\t\t\t\t<\/div>\n\t\t<div class=\"elementor-element elementor-element-304465b e-flex e-con-boxed e-con e-parent\" data-id=\"304465b\" data-element_type=\"container\" data-e-type=\"container\">\n\t\t\t\t\t<div class=\"e-con-inner\">\n\t\t\t\t<div class=\"elementor-element elementor-element-3b67477 elementor-widget elementor-widget-image\" data-id=\"3b67477\" data-element_type=\"widget\" data-e-type=\"widget\" data-widget_type=\"image.default\">\n\t\t\t\t<div class=\"elementor-widget-container\">\n\t\t\t\t\t\t\t\t\t\t\t\t\t\t\t<img fetchpriority=\"high\" decoding=\"async\" width=\"768\" height=\"1024\" src=\"https:\/\/www.mio.osupytheas.fr\/wp-content\/uploads\/2026\/07\/gliders41-768x1024.jpeg\" class=\"attachment-large size-large wp-image-29160\" alt=\"\" srcset=\"https:\/\/www.mio.osupytheas.fr\/wp-content\/uploads\/2026\/07\/gliders41-768x1024.jpeg 768w, https:\/\/www.mio.osupytheas.fr\/wp-content\/uploads\/2026\/07\/gliders41-225x300.jpeg 225w, https:\/\/www.mio.osupytheas.fr\/wp-content\/uploads\/2026\/07\/gliders41-1152x1536.jpeg 1152w, https:\/\/www.mio.osupytheas.fr\/wp-content\/uploads\/2026\/07\/gliders41-9x12.jpeg 9w, https:\/\/www.mio.osupytheas.fr\/wp-content\/uploads\/2026\/07\/gliders41.jpeg 1200w\" sizes=\"(max-width: 768px) 100vw, 768px\" \/>\t\t\t\t\t\t\t\t\t\t\t\t\t\t\t<\/div>\n\t\t\t\t<\/div>\n\t\t\t\t\t<\/div>\n\t\t\t\t<\/div>\n\t\t<div class=\"elementor-element elementor-element-c6f9988 e-flex e-con-boxed e-con e-parent\" data-id=\"c6f9988\" data-element_type=\"container\" data-e-type=\"container\">\n\t\t\t\t\t<div class=\"e-con-inner\">\n\t\t\t\t<div class=\"elementor-element elementor-element-d3e250a elementor-widget elementor-widget-text-editor\" data-id=\"d3e250a\" data-element_type=\"widget\" data-e-type=\"widget\" data-widget_type=\"text-editor.default\">\n\t\t\t\t<div class=\"elementor-widget-container\">\n\t\t\t\t\t\t\t\t\t<p style=\"text-align: center;\"><em>D\u00e9ploiement de 4 gliders en flottille en 2025 et 2026 \u00e0 partir des bateau de la flotte oc\u00e9anographique fran\u00e7aise,<br \/><\/em><em>en mer M\u00e9diterran\u00e9e pour observer et enregistrer la bioluminescence marine en mer M\u00e9diterran\u00e9e.<\/em><\/p>\t\t\t\t\t\t\t\t<\/div>\n\t\t\t\t<\/div>\n\t\t\t\t\t<\/div>\n\t\t\t\t<\/div>\n\t\t\t\t<\/div>\n\t\t","protected":false},"excerpt":{"rendered":"<p>Gr\u00e2ce \u00e0 des planeurs sous-marins instrument\u00e9s, une \u00e9quipe de recherche fran\u00e7aise a caract\u00e9ris\u00e9 en M\u00e9diterran\u00e9e la zone o\u00f9 la bioluminescence devient la principale source de lumi\u00e8re. Cette avanc\u00e9e ouvre de [&hellip;]<\/p>\n","protected":false},"author":319,"featured_media":29160,"comment_status":"closed","ping_status":"closed","sticky":false,"template":"","format":"standard","meta":{"_acf_changed":false,"footnotes":""},"categories":[17,1,28],"tags":[],"class_list":["post-29159","post","type-post","status-publish","format-standard","has-post-thumbnail","hentry","category-a-la-une","category-actualites","category-avancees-scientifiques"],"acf":[],"_links":{"self":[{"href":"https:\/\/www.mio.osupytheas.fr\/fr\/wp-json\/wp\/v2\/posts\/29159","targetHints":{"allow":["GET"]}}],"collection":[{"href":"https:\/\/www.mio.osupytheas.fr\/fr\/wp-json\/wp\/v2\/posts"}],"about":[{"href":"https:\/\/www.mio.osupytheas.fr\/fr\/wp-json\/wp\/v2\/types\/post"}],"author":[{"embeddable":true,"href":"https:\/\/www.mio.osupytheas.fr\/fr\/wp-json\/wp\/v2\/users\/319"}],"replies":[{"embeddable":true,"href":"https:\/\/www.mio.osupytheas.fr\/fr\/wp-json\/wp\/v2\/comments?post=29159"}],"version-history":[{"count":7,"href":"https:\/\/www.mio.osupytheas.fr\/fr\/wp-json\/wp\/v2\/posts\/29159\/revisions"}],"predecessor-version":[{"id":29168,"href":"https:\/\/www.mio.osupytheas.fr\/fr\/wp-json\/wp\/v2\/posts\/29159\/revisions\/29168"}],"wp:featuredmedia":[{"embeddable":true,"href":"https:\/\/www.mio.osupytheas.fr\/fr\/wp-json\/wp\/v2\/media\/29160"}],"wp:attachment":[{"href":"https:\/\/www.mio.osupytheas.fr\/fr\/wp-json\/wp\/v2\/media?parent=29159"}],"wp:term":[{"taxonomy":"category","embeddable":true,"href":"https:\/\/www.mio.osupytheas.fr\/fr\/wp-json\/wp\/v2\/categories?post=29159"},{"taxonomy":"post_tag","embeddable":true,"href":"https:\/\/www.mio.osupytheas.fr\/fr\/wp-json\/wp\/v2\/tags?post=29159"}],"curies":[{"name":"wp","href":"https:\/\/api.w.org\/{rel}","templated":true}]}}